{"id":21819,"date":"2023-05-19T09:44:54","date_gmt":"2023-05-19T09:44:54","guid":{"rendered":"https:\/\/zabalketa.org\/?p=21819"},"modified":"2026-08-30T20:21:34","modified_gmt":"2026-08-30T18:21:34","slug":"getxo-desde-los-sentidos","status":"publish","type":"post","link":"https:\/\/zabalketa.org\/eu\/getxo-desde-los-sentidos\/","title":{"rendered":"\u201cGetxo zentzumenetatik\u201d"},"content":{"rendered":"\n<div class=\"wp-block-columns is-layout-flex wp-container-core-columns-is-layout-8f761849 wp-block-columns-is-layout-flex\">\n<div class=\"wp-block-column is-layout-flow wp-block-column-is-layout-flow\">\n<p class=\"wp-block-paragraph\">Getxon egin diren topaketen eta ibilbideen bidez, ingurumenean eta kulturan sentsibilizatu eta formatu eta herritarrek lurraldearekiko duten nortasunaren eta loturaren garrantzia nabarmendu nahi da, Getxo jasangarri eta bidezko baten eraikuntzan protagonistak eta aliatuak baikara.<\/p>\n\n\n\n<p class=\"wp-block-paragraph\">Ekimenaren antolatzailea Getxoko ZABALKETA GGKE da, Ibar Nagusien Etxea lankide eta Getxoko Udala babesle izanik.<\/p>\n\n\n\n<p class=\"wp-block-paragraph\">Berrikuntza ekosozialeko proiektu honek Getxoko 65 urtetik gorako emakume zein gizonen ikusgarritasuna, parte-hartzea, inklusioa, prestakuntza eta ahalduntzea sustatu nahi ditu.<\/p>\n\n\n\n<p class=\"wp-block-paragraph\">Proiektuak kiroletik, kulturatik, historiatik\u2026 ekarpenak egin dituzten udalerriko pertsonekin elkartzeko eta gertutik ezagutzeko aukera ematen digu.<\/p>\n\n\n\n<p class=\"wp-block-paragraph\">Proiektuaren bidez Getxoko natura eta paisaia baliabideak eta biodibertsitatea nabarmendu nahi dira.<\/p>\n<\/div>\n<\/div>\n\n\n\n<div class=\"wp-block-columns is-layout-flex wp-container-core-columns-is-layout-8f761849 wp-block-columns-is-layout-flex\">\n<div class=\"wp-block-column is-layout-flow wp-block-column-is-layout-flow\">\n<p class=\"has-text-color wp-block-paragraph\" style=\"color:#006bad\"><strong>1.- HAIZEAREN IBILBIDEA, 2023ko MAIATZAREN 9a<\/strong><\/p>\n\n\n\n<p class=\"wp-block-paragraph\">Lehenengo ibilbidean, HAIZEA izan dugu bidelagun: inguratzen gaituenari (landareak, animaliak, arrokak) eta egiten dugunari (surfa, parapentea, arrantza, hegaztien begiztatzea\u2026 ) forma ematen dio, batez ere, Getxoko kostaldean. Ibilbide gidatu honetan Getxoko historian jarri dugu arreta: geologia eta gizartea. Itsaslabarretan zehar ibili gara eta Elvira Larrazabal izan dugu gurekin, estatuko lehenengo emakume golf jokalari profesionala. Bere bizi esperientzia inspiratzailea da, emakume izan arren gizonentzako eta klase altuko pertsonentzako zela uste zen kirol batean murgildu baitzen.<\/p>\n<\/div>\n<\/div>\n\n\n\n<div class=\"wp-block-columns is-layout-flex wp-container-core-columns-is-layout-8f761849 wp-block-columns-is-layout-flex\">\n<div class=\"wp-block-column is-layout-flow wp-block-column-is-layout-flow\">\n<figure class=\"wp-block-image size-full\"><a  href=\"https:\/\/zabalketa.org\/wp-content\/uploads\/2023\/05\/Ruta-del-viento-eusk_1.jpg\" data-rel=\"lightbox-gallery-0\" data-rl_title=\"\" data-rl_caption=\"\" title=\"\"><img decoding=\"async\" width=\"841\" height=\"595\" src=\"https:\/\/zabalketa.org\/wp-content\/uploads\/2023\/05\/Ruta-del-viento-eusk_1.jpg\" alt=\"\" class=\"wp-image-21821\" srcset=\"https:\/\/zabalketa.org\/wp-content\/uploads\/2023\/05\/Ruta-del-viento-eusk_1.jpg 841w, https:\/\/zabalketa.org\/wp-content\/uploads\/2023\/05\/Ruta-del-viento-eusk_1-300x212.jpg 300w, https:\/\/zabalketa.org\/wp-content\/uploads\/2023\/05\/Ruta-del-viento-eusk_1-768x543.jpg 768w\" sizes=\"(max-width: 841px) 100vw, 841px\" \/><\/a><\/figure>\n<\/div>\n\n\n\n<div class=\"wp-block-column is-layout-flow wp-block-column-is-layout-flow\">\n<figure class=\"wp-block-image size-full\"><a  href=\"https:\/\/zabalketa.org\/wp-content\/uploads\/2023\/05\/Ruta-del-viento-eusk_2.jpg\" data-rel=\"lightbox-gallery-0\" data-rl_title=\"\" data-rl_caption=\"\" title=\"\"><img decoding=\"async\" width=\"841\" height=\"595\" src=\"https:\/\/zabalketa.org\/wp-content\/uploads\/2023\/05\/Ruta-del-viento-eusk_2.jpg\" alt=\"\" class=\"wp-image-21824\" srcset=\"https:\/\/zabalketa.org\/wp-content\/uploads\/2023\/05\/Ruta-del-viento-eusk_2.jpg 841w, https:\/\/zabalketa.org\/wp-content\/uploads\/2023\/05\/Ruta-del-viento-eusk_2-300x212.jpg 300w, https:\/\/zabalketa.org\/wp-content\/uploads\/2023\/05\/Ruta-del-viento-eusk_2-768x543.jpg 768w\" sizes=\"(max-width: 841px) 100vw, 841px\" \/><\/a><\/figure>\n<\/div>\n<\/div>\n\n\n\n<div class=\"wp-block-columns is-layout-flex wp-container-core-columns-is-layout-8f761849 wp-block-columns-is-layout-flex\">\n<div class=\"wp-block-column is-layout-flow wp-block-column-is-layout-flow\">\n<p class=\"has-text-align-center wp-block-paragraph\"><strong><a href=\"https:\/\/zabalketa.org\/archivos\/blog\/Ruta-del-viento-eusk.pdf\" target=\"_blank\" rel=\"noreferrer noopener\">LIBURUXKA DESKARGATU<\/a><\/strong><\/p>\n<\/div>\n<\/div>\n\n\n\n<div class=\"wp-block-columns is-layout-flex wp-container-core-columns-is-layout-8f761849 wp-block-columns-is-layout-flex\">\n<div class=\"wp-block-column is-layout-flow wp-block-column-is-layout-flow\">\n<figure class=\"wp-block-image size-large\"><a  href=\"https:\/\/zabalketa.org\/wp-content\/uploads\/2023\/05\/ruta-del-viento-3-1.jpg\" data-rel=\"lightbox-gallery-0\" data-rl_title=\"\" data-rl_caption=\"\" title=\"\"><img decoding=\"async\" width=\"1024\" height=\"641\" src=\"https:\/\/zabalketa.org\/wp-content\/uploads\/2023\/05\/ruta-del-viento-3-1-1024x641.jpg\" alt=\"\" class=\"wp-image-21704\" srcset=\"https:\/\/zabalketa.org\/wp-content\/uploads\/2023\/05\/ruta-del-viento-3-1-1024x641.jpg 1024w, https:\/\/zabalketa.org\/wp-content\/uploads\/2023\/05\/ruta-del-viento-3-1-300x188.jpg 300w, https:\/\/zabalketa.org\/wp-content\/uploads\/2023\/05\/ruta-del-viento-3-1-768x481.jpg 768w, https:\/\/zabalketa.org\/wp-content\/uploads\/2023\/05\/ruta-del-viento-3-1-1536x962.jpg 1536w, https:\/\/zabalketa.org\/wp-content\/uploads\/2023\/05\/ruta-del-viento-3-1.jpg 1600w\" sizes=\"(max-width: 1024px) 100vw, 1024px\" \/><\/a><\/figure>\n<\/div>\n\n\n\n<div class=\"wp-block-column is-layout-flow wp-block-column-is-layout-flow\">\n<figure class=\"wp-block-image size-large\"><a  href=\"https:\/\/zabalketa.org\/wp-content\/uploads\/2023\/05\/ruta-del-viento-2-1.jpg\" data-rel=\"lightbox-gallery-0\" data-rl_title=\"\" data-rl_caption=\"\" title=\"\"><img decoding=\"async\" width=\"1024\" height=\"640\" src=\"https:\/\/zabalketa.org\/wp-content\/uploads\/2023\/05\/ruta-del-viento-2-1-1024x640.jpg\" alt=\"\" class=\"wp-image-21701\" srcset=\"https:\/\/zabalketa.org\/wp-content\/uploads\/2023\/05\/ruta-del-viento-2-1-1024x640.jpg 1024w, https:\/\/zabalketa.org\/wp-content\/uploads\/2023\/05\/ruta-del-viento-2-1-300x188.jpg 300w, https:\/\/zabalketa.org\/wp-content\/uploads\/2023\/05\/ruta-del-viento-2-1-768x480.jpg 768w, https:\/\/zabalketa.org\/wp-content\/uploads\/2023\/05\/ruta-del-viento-2-1-1536x960.jpg 1536w, https:\/\/zabalketa.org\/wp-content\/uploads\/2023\/05\/ruta-del-viento-2-1.jpg 1600w\" sizes=\"(max-width: 1024px) 100vw, 1024px\" \/><\/a><\/figure>\n<\/div>\n<\/div>\n\n\n\n<p class=\"has-text-color wp-block-paragraph\" style=\"color:#006bad\"><strong>2.- URAREN IBILBIDEA, 2023ko UZTAILAREN 4a<\/strong><\/p>\n\n\n\n<p class=\"wp-block-paragraph\">Bigarren ibilbide honetan, URAren eskutik ibili gara, Bolue hezegunea bisitatuz eta Larra\u00f1azubi ibaia jarraituz, Martiartu dorrearen aurrean bando-gerraren historian murgildu arte. Bertako florari buruz ikasten gozatu eta Getxoko landa-eremu honek markatzen duen XIV-XVI. mendeetako emakumeen bizitzari buruz hausnartu dugu.<\/p>\n\n\n\n<div class=\"wp-block-columns is-layout-flex wp-container-core-columns-is-layout-8f761849 wp-block-columns-is-layout-flex\">\n<div class=\"wp-block-column is-layout-flow wp-block-column-is-layout-flow\">\n<figure class=\"wp-block-image size-full\"><img decoding=\"async\" width=\"1600\" height=\"1132\" src=\"https:\/\/zabalketa.org\/wp-content\/uploads\/2023\/07\/Digital-EUSK01-segundo-borrador-ARTE-FINAL-copia_page-0001.jpg\" alt=\"\" class=\"wp-image-22150\" srcset=\"https:\/\/zabalketa.org\/wp-content\/uploads\/2023\/07\/Digital-EUSK01-segundo-borrador-ARTE-FINAL-copia_page-0001.jpg 1600w, https:\/\/zabalketa.org\/wp-content\/uploads\/2023\/07\/Digital-EUSK01-segundo-borrador-ARTE-FINAL-copia_page-0001-300x212.jpg 300w, https:\/\/zabalketa.org\/wp-content\/uploads\/2023\/07\/Digital-EUSK01-segundo-borrador-ARTE-FINAL-copia_page-0001-1024x724.jpg 1024w, https:\/\/zabalketa.org\/wp-content\/uploads\/2023\/07\/Digital-EUSK01-segundo-borrador-ARTE-FINAL-copia_page-0001-768x543.jpg 768w, https:\/\/zabalketa.org\/wp-content\/uploads\/2023\/07\/Digital-EUSK01-segundo-borrador-ARTE-FINAL-copia_page-0001-1536x1087.jpg 1536w\" sizes=\"(max-width: 1600px) 100vw, 1600px\" \/><\/figure>\n<\/div>\n\n\n\n<div class=\"wp-block-column is-layout-flow wp-block-column-is-layout-flow\">\n<figure class=\"wp-block-image size-full\"><img decoding=\"async\" width=\"1600\" height=\"1132\" src=\"https:\/\/zabalketa.org\/wp-content\/uploads\/2023\/07\/Digital-EUSK02-segundo-borrador-ARTE-FINAL-copia_page-0002.jpg\" alt=\"\" class=\"wp-image-22152\" srcset=\"https:\/\/zabalketa.org\/wp-content\/uploads\/2023\/07\/Digital-EUSK02-segundo-borrador-ARTE-FINAL-copia_page-0002.jpg 1600w, https:\/\/zabalketa.org\/wp-content\/uploads\/2023\/07\/Digital-EUSK02-segundo-borrador-ARTE-FINAL-copia_page-0002-300x212.jpg 300w, https:\/\/zabalketa.org\/wp-content\/uploads\/2023\/07\/Digital-EUSK02-segundo-borrador-ARTE-FINAL-copia_page-0002-1024x724.jpg 1024w, https:\/\/zabalketa.org\/wp-content\/uploads\/2023\/07\/Digital-EUSK02-segundo-borrador-ARTE-FINAL-copia_page-0002-768x543.jpg 768w, https:\/\/zabalketa.org\/wp-content\/uploads\/2023\/07\/Digital-EUSK02-segundo-borrador-ARTE-FINAL-copia_page-0002-1536x1087.jpg 1536w\" sizes=\"(max-width: 1600px) 100vw, 1600px\" \/><\/figure>\n<\/div>\n<\/div>\n\n\n\n<p class=\"has-text-align-center wp-block-paragraph\"><strong><a href=\"https:\/\/zabalketa.org\/archivos\/blog\/Ruta-del-viento-eusk.pdf\" target=\"_blank\" rel=\"noreferrer noopener\">LIBURUXKA DESKARGATU<\/a><\/strong><\/p>\n\n\n\n<div class=\"wp-block-columns is-layout-flex wp-container-core-columns-is-layout-8f761849 wp-block-columns-is-layout-flex\">\n<div class=\"wp-block-column is-layout-flow wp-block-column-is-layout-flow\">\n<figure class=\"wp-block-image size-full\"><img decoding=\"async\" width=\"900\" height=\"1200\" src=\"https:\/\/zabalketa.org\/wp-content\/uploads\/2023\/07\/Foto-Bolue-3.jpeg\" alt=\"\" class=\"wp-image-22140\" srcset=\"https:\/\/zabalketa.org\/wp-content\/uploads\/2023\/07\/Foto-Bolue-3.jpeg 900w, https:\/\/zabalketa.org\/wp-content\/uploads\/2023\/07\/Foto-Bolue-3-225x300.jpeg 225w, https:\/\/zabalketa.org\/wp-content\/uploads\/2023\/07\/Foto-Bolue-3-768x1024.jpeg 768w\" sizes=\"(max-width: 900px) 100vw, 900px\" \/><\/figure>\n<\/div>\n\n\n\n<div class=\"wp-block-column is-layout-flow wp-block-column-is-layout-flow\">\n<figure class=\"wp-block-image size-full\"><img decoding=\"async\" width=\"900\" height=\"1200\" src=\"https:\/\/zabalketa.org\/wp-content\/uploads\/2023\/07\/Foto-Bolue-2.jpeg\" alt=\"\" class=\"wp-image-22138\" srcset=\"https:\/\/zabalketa.org\/wp-content\/uploads\/2023\/07\/Foto-Bolue-2.jpeg 900w, https:\/\/zabalketa.org\/wp-content\/uploads\/2023\/07\/Foto-Bolue-2-225x300.jpeg 225w, https:\/\/zabalketa.org\/wp-content\/uploads\/2023\/07\/Foto-Bolue-2-768x1024.jpeg 768w\" sizes=\"(max-width: 900px) 100vw, 900px\" \/><\/figure>\n<\/div>\n\n\n\n<div class=\"wp-block-column is-layout-flow wp-block-column-is-layout-flow\">\n<figure class=\"wp-block-image size-full\"><img decoding=\"async\" width=\"900\" height=\"1200\" src=\"https:\/\/zabalketa.org\/wp-content\/uploads\/2023\/07\/Foto-Bolue-1.jpeg\" alt=\"\" class=\"wp-image-22188\" srcset=\"https:\/\/zabalketa.org\/wp-content\/uploads\/2023\/07\/Foto-Bolue-1.jpeg 900w, https:\/\/zabalketa.org\/wp-content\/uploads\/2023\/07\/Foto-Bolue-1-225x300.jpeg 225w, https:\/\/zabalketa.org\/wp-content\/uploads\/2023\/07\/Foto-Bolue-1-768x1024.jpeg 768w\" sizes=\"(max-width: 900px) 100vw, 900px\" \/><\/figure>\n<\/div>\n<\/div>\n\n\n\n<p class=\"has-text-color wp-block-paragraph\" style=\"color:#006bad\"><strong>3.- GURE HISTORIAREN IBILBIDEA, 2023ko AZAROAREN 7a<\/strong><\/p>\n\n\n\n<p class=\"wp-block-paragraph\">Hirugarren eta azken ibilbidean, Romo auzoa arakatu dugu Paco Blanco bertako kronikariaren eskutik. Denboran zeharreko bidaia horrek 1855ean padura eta hareatza zaharrak desamortizatu zirenetik 1960ra arte eraman gaitu, urte horretan instituzionalki onartzen baita auzoaren nortasuna. Gainera, Romon jaio edo auzotik igaro diren pertsonen izenak berreskuratu ditugu, Mat\u00edas Romo, Jes\u00fas Escauriaza, Mar\u00eda Goyri edo Dolores Sainz Isasi, esaterako.<\/p>\n\n\n\n<figure class=\"wp-block-gallery has-nested-images columns-default is-cropped wp-block-gallery-1 is-layout-flex wp-block-gallery-is-layout-flex\">\n<figure class=\"wp-block-image size-large\"><img decoding=\"async\" width=\"1024\" height=\"724\" data-id=\"22415\" src=\"https:\/\/zabalketa.org\/wp-content\/uploads\/2023\/11\/EUSK-Ruta-3-FINAL-PARA-WEB_page-0001-1024x724.jpg\" alt=\"\" class=\"wp-image-22415\" srcset=\"https:\/\/zabalketa.org\/wp-content\/uploads\/2023\/11\/EUSK-Ruta-3-FINAL-PARA-WEB_page-0001-1024x724.jpg 1024w, https:\/\/zabalketa.org\/wp-content\/uploads\/2023\/11\/EUSK-Ruta-3-FINAL-PARA-WEB_page-0001-300x212.jpg 300w, https:\/\/zabalketa.org\/wp-content\/uploads\/2023\/11\/EUSK-Ruta-3-FINAL-PARA-WEB_page-0001-768x543.jpg 768w, https:\/\/zabalketa.org\/wp-content\/uploads\/2023\/11\/EUSK-Ruta-3-FINAL-PARA-WEB_page-0001-1536x1087.jpg 1536w, https:\/\/zabalketa.org\/wp-content\/uploads\/2023\/11\/EUSK-Ruta-3-FINAL-PARA-WEB_page-0001.jpg 1600w\" sizes=\"(max-width: 1024px) 100vw, 1024px\" \/><\/figure>\n\n\n\n<figure class=\"wp-block-image size-large\"><img decoding=\"async\" width=\"1024\" height=\"724\" data-id=\"22417\" src=\"https:\/\/zabalketa.org\/wp-content\/uploads\/2023\/11\/EUSK-Ruta-3-FINAL-PARA-WEB_page-0002-1024x724.jpg\" alt=\"\" class=\"wp-image-22417\" srcset=\"https:\/\/zabalketa.org\/wp-content\/uploads\/2023\/11\/EUSK-Ruta-3-FINAL-PARA-WEB_page-0002-1024x724.jpg 1024w, https:\/\/zabalketa.org\/wp-content\/uploads\/2023\/11\/EUSK-Ruta-3-FINAL-PARA-WEB_page-0002-300x212.jpg 300w, https:\/\/zabalketa.org\/wp-content\/uploads\/2023\/11\/EUSK-Ruta-3-FINAL-PARA-WEB_page-0002-768x543.jpg 768w, https:\/\/zabalketa.org\/wp-content\/uploads\/2023\/11\/EUSK-Ruta-3-FINAL-PARA-WEB_page-0002-1536x1087.jpg 1536w, https:\/\/zabalketa.org\/wp-content\/uploads\/2023\/11\/EUSK-Ruta-3-FINAL-PARA-WEB_page-0002.jpg 1600w\" sizes=\"(max-width: 1024px) 100vw, 1024px\" \/><\/figure>\n<\/figure>\n\n\n\n<p class=\"has-text-align-center wp-block-paragraph\"><strong><a href=\"https:\/\/zabalketa.org\/wp-content\/uploads\/2023\/11\/EUSK-Ruta-3-FINAL-PARA-WEB.pdf\" target=\"_blank\" rel=\"noreferrer noopener\">LIBURUXKA DESKARGATU<\/a><\/strong><\/p>\n\n\n\n<figure class=\"wp-block-gallery has-nested-images columns-default is-cropped wp-block-gallery-2 is-layout-flex wp-block-gallery-is-layout-flex\">\n<figure class=\"wp-block-image size-large\"><img decoding=\"async\" width=\"1024\" height=\"768\" data-id=\"22399\" src=\"https:\/\/zabalketa.org\/wp-content\/uploads\/2023\/11\/RUTA-3-Todos-1024x768.jpg\" alt=\"\" class=\"wp-image-22399\" srcset=\"https:\/\/zabalketa.org\/wp-content\/uploads\/2023\/11\/RUTA-3-Todos-1024x768.jpg 1024w, https:\/\/zabalketa.org\/wp-content\/uploads\/2023\/11\/RUTA-3-Todos-300x225.jpg 300w, https:\/\/zabalketa.org\/wp-content\/uploads\/2023\/11\/RUTA-3-Todos-768x576.jpg 768w, https:\/\/zabalketa.org\/wp-content\/uploads\/2023\/11\/RUTA-3-Todos-1536x1152.jpg 1536w, https:\/\/zabalketa.org\/wp-content\/uploads\/2023\/11\/RUTA-3-Todos.jpg 1600w\" sizes=\"(max-width: 1024px) 100vw, 1024px\" \/><\/figure>\n\n\n\n<figure class=\"wp-block-image size-large\"><img decoding=\"async\" width=\"1024\" height=\"768\" data-id=\"22397\" src=\"https:\/\/zabalketa.org\/wp-content\/uploads\/2023\/11\/RUTA-3-Paco-hablando-1024x768.jpg\" alt=\"\" class=\"wp-image-22397\" srcset=\"https:\/\/zabalketa.org\/wp-content\/uploads\/2023\/11\/RUTA-3-Paco-hablando-1024x768.jpg 1024w, https:\/\/zabalketa.org\/wp-content\/uploads\/2023\/11\/RUTA-3-Paco-hablando-300x225.jpg 300w, https:\/\/zabalketa.org\/wp-content\/uploads\/2023\/11\/RUTA-3-Paco-hablando-768x576.jpg 768w, https:\/\/zabalketa.org\/wp-content\/uploads\/2023\/11\/RUTA-3-Paco-hablando-1536x1152.jpg 1536w, https:\/\/zabalketa.org\/wp-content\/uploads\/2023\/11\/RUTA-3-Paco-hablando.jpg 1600w\" sizes=\"(max-width: 1024px) 100vw, 1024px\" \/><\/figure>\n<\/figure>\n\n\n\n<p class=\"wp-block-paragraph\"><\/p>\n\n\n\n<p class=\"wp-block-paragraph\"><strong><mark style=\"background-color:rgba(0, 0, 0, 0)\" class=\"has-inline-color has-vivid-cyan-blue-color\">4.- ITXIERA JARDUNALDIA: Proiektuaren testigantzak, 2023KO ABENDUAREN 20A<\/mark><\/strong><\/p>\n\n\n\n<p class=\"wp-block-paragraph\">Itxiera-jardunaldian, proiektuaren esparruan bizitako ikaskuntza eta esperientzia baliotsuak oroitu dira. Oro har, arakatutako hiru ibilbideak gogoratu dira, baita leku horietan bizi direnen istorioak ere, Ibar Nagusien Etxeko egoitza berrian egindako argazki erakusketa baten eskutik.<\/p>\n\n\n\n<p class=\"wp-block-paragraph\">Hona hemen topaketan parte hartu duten pertsonen testigantzak eta hausnarketak:<\/p>\n\n\n\n<p class=\"has-text-align-center wp-block-paragraph\"><em>&#8220;Asko gustatu zitzaidan ibilbidea eta Romoren historia ezagutzea. Romon berrogeita urte baino gehiago lanean eman ondoren, proiektuari esker, haren historia ezagutu ahal izan dut.&#8221;<\/em> -Trini-<\/p>\n\n\n\n<p class=\"has-text-align-center wp-block-paragraph\"><em>&#8220;Adineko pertsonen interakzioa eta soziabilitatea sustatzen lagunduko duten ekimenak biderkatu behar dira.&#8221;<\/em> -Patxi-<\/p>\n\n\n\n<p class=\"has-text-align-center wp-block-paragraph\"><em>&#8220;Romo ezagutzeko irteera oso interesgarria iruditu zitzaidan.&#8221;<\/em> -Nely-<\/p>\n\n\n\n<p class=\"has-text-align-center wp-block-paragraph\"><em>&#8220;Adinekook bizitza osoan zehar lortutako gaitasunen multzoa eskain dezakegu gizarteari borondatez eskaintzeko, eta hortik etekin partekatuak lortuko ditugu.&#8221; <\/em>-Pako-<\/p>\n\n\n\n<p class=\"has-text-align-center wp-block-paragraph\"><em>&#8220;Aukera bat izan da Romo (historia, pasadizoak eta gertatutakoak) urte asko bizi ondoren ezagutzeko.&#8221;<\/em> -Pili-<\/p>\n\n\n\n<figure class=\"wp-block-gallery has-nested-images columns-default is-cropped wp-block-gallery-3 is-layout-flex wp-block-gallery-is-layout-flex\">\n<figure class=\"wp-block-image size-large\"><img decoding=\"async\" width=\"1024\" height=\"576\" data-id=\"22430\" src=\"https:\/\/zabalketa.org\/wp-content\/uploads\/2023\/12\/PORTADA-EXPOSICION-1024x576.png\" alt=\"\" class=\"wp-image-22430\" srcset=\"https:\/\/zabalketa.org\/wp-content\/uploads\/2023\/12\/PORTADA-EXPOSICION-1024x576.png 1024w, https:\/\/zabalketa.org\/wp-content\/uploads\/2023\/12\/PORTADA-EXPOSICION-300x169.png 300w, https:\/\/zabalketa.org\/wp-content\/uploads\/2023\/12\/PORTADA-EXPOSICION-768x432.png 768w, https:\/\/zabalketa.org\/wp-content\/uploads\/2023\/12\/PORTADA-EXPOSICION-1536x864.png 1536w, https:\/\/zabalketa.org\/wp-content\/uploads\/2023\/12\/PORTADA-EXPOSICION.png 1600w\" sizes=\"(max-width: 1024px) 100vw, 1024px\" \/><\/figure>\n<\/figure>\n","protected":false},"excerpt":{"rendered":"<div class=\"entry-summary\">\n<div class=\"entry-summary\">\nGetxon egin diren topaketen eta ibilbideen bidez, ingurumenean eta kulturan sentsibilizatu eta formatu eta herritarrek lurraldearekiko duten nortasunaren eta loturaren garrantzia nabarmendu nahi da, Getxo jasangarri eta bidezko baten eraikuntzan protagonistak eta aliatuak baikara. Ekimenaren antolatzailea Getxoko ZABALKETA GGKE da,&hellip;\n<\/div>\n<div class=\"link-more\"><a href=\"https:\/\/zabalketa.org\/eu\/getxo-desde-los-sentidos\/\" class=\"more-link\">Irakurtzen jarraitu<\/a><\/div>\n<\/div>\n<div class=\"link-more\"><a href=\"https:\/\/zabalketa.org\/eu\/getxo-desde-los-sentidos\/\" class=\"more-link\">Irakurtzen jarraitu<\/a><\/div>\n","protected":false},"author":1,"featured_media":21821,"comment_status":"closed","ping_status":"open","sticky":false,"template":"templates\/no-intro.php","format":"standard","meta":{"_acf_changed":false,"footnotes":""},"categories":[178,74,150],"tags":[111,80,86],"pais":[],"class_list":["post-21819","post","type-post","status-publish","format-standard","has-post-thumbnail","hentry","category-ahalduntze","category-hezkuntza","category-sensibilizacion-eu","tag-exposiciones-eu","tag-hezkuntza","tag-sentsibilizazioa","entry"],"acf":[],"yoast_head":"<!-- This site is optimized with the Yoast SEO plugin v27.8 - https:\/\/yoast.com\/product\/yoast-seo-wordpress\/ -->\n<title>\u201cGetxo zentzumenetatik\u201d - Zabalketa<\/title>\n<meta name=\"robots\" content=\"index, follow, max-snippet:-1, max-image-preview:large, max-video-preview:-1\" \/>\n<link rel=\"canonical\" href=\"https:\/\/zabalketa.org\/eu\/getxo-desde-los-sentidos\/\" \/>\n<meta property=\"og:locale\" content=\"en_US\" \/>\n<meta property=\"og:type\" content=\"article\" \/>\n<meta property=\"og:title\" content=\"\u201cGetxo zentzumenetatik\u201d - Zabalketa\" \/>\n<meta property=\"og:description\" content=\"Getxon egin diren topaketen eta ibilbideen bidez, ingurumenean eta kulturan sentsibilizatu eta formatu eta herritarrek lurraldearekiko duten nortasunaren eta loturaren garrantzia nabarmendu nahi da, Getxo jasangarri eta bidezko baten eraikuntzan protagonistak eta aliatuak baikara. Ekimenaren antolatzailea Getxoko ZABALKETA GGKE da,&hellip; Irakurtzen jarraitu\" \/>\n<meta property=\"og:url\" content=\"https:\/\/zabalketa.org\/eu\/getxo-desde-los-sentidos\/\" \/>\n<meta property=\"og:site_name\" content=\"Zabalketa\" \/>\n<meta property=\"article:published_time\" content=\"2023-05-19T09:44:54+00:00\" \/>\n<meta property=\"article:modified_time\" content=\"2026-08-30T18:21:34+00:00\" \/>\n<meta property=\"og:image\" content=\"https:\/\/zabalketa.org\/wp-content\/uploads\/2023\/05\/Ruta-del-viento-eusk_1.jpg\" \/>\n\t<meta property=\"og:image:width\" content=\"841\" \/>\n\t<meta property=\"og:image:height\" content=\"595\" \/>\n\t<meta property=\"og:image:type\" content=\"image\/jpeg\" \/>\n<meta name=\"author\" content=\"Zabalketa\" \/>\n<meta name=\"twitter:card\" content=\"summary_large_image\" \/>\n<meta name=\"twitter:label1\" content=\"Written by\" \/>\n\t<meta name=\"twitter:data1\" content=\"Zabalketa\" \/>\n\t<meta name=\"twitter:label2\" content=\"Est. reading time\" \/>\n\t<meta name=\"twitter:data2\" content=\"5 minutua\" \/>\n<script type=\"application\/ld+json\" class=\"yoast-schema-graph\">{\"@context\":\"https:\\\/\\\/schema.org\",\"@graph\":[{\"@type\":\"Article\",\"@id\":\"https:\\\/\\\/zabalketa.org\\\/eu\\\/getxo-desde-los-sentidos\\\/#article\",\"isPartOf\":{\"@id\":\"https:\\\/\\\/zabalketa.org\\\/eu\\\/getxo-desde-los-sentidos\\\/\"},\"author\":{\"name\":\"Zabalketa\",\"@id\":\"https:\\\/\\\/zabalketa.org\\\/#\\\/schema\\\/person\\\/d4286ffe1cf539bf18cceb3ddcfbae9b\"},\"headline\":\"\u201cGetxo zentzumenetatik\u201d\",\"datePublished\":\"2023-05-19T09:44:54+00:00\",\"dateModified\":\"2026-08-30T18:21:34+00:00\",\"mainEntityOfPage\":{\"@id\":\"https:\\\/\\\/zabalketa.org\\\/eu\\\/getxo-desde-los-sentidos\\\/\"},\"wordCount\":428,\"publisher\":{\"@id\":\"https:\\\/\\\/zabalketa.org\\\/#organization\"},\"image\":{\"@id\":\"https:\\\/\\\/zabalketa.org\\\/eu\\\/getxo-desde-los-sentidos\\\/#primaryimage\"},\"thumbnailUrl\":\"https:\\\/\\\/zabalketa.org\\\/wp-content\\\/uploads\\\/2023\\\/05\\\/Ruta-del-viento-eusk_1.jpg\",\"keywords\":[\"Exposiciones\",\"hezkuntza\",\"sentsibilizazioa\"],\"articleSection\":[\"Ahalduntze\",\"Hezkuntza\",\"Sentsibilizazio\"],\"inLanguage\":\"eu\"},{\"@type\":\"WebPage\",\"@id\":\"https:\\\/\\\/zabalketa.org\\\/eu\\\/getxo-desde-los-sentidos\\\/\",\"url\":\"https:\\\/\\\/zabalketa.org\\\/eu\\\/getxo-desde-los-sentidos\\\/\",\"name\":\"\u201cGetxo zentzumenetatik\u201d - Zabalketa\",\"isPartOf\":{\"@id\":\"https:\\\/\\\/zabalketa.org\\\/#website\"},\"primaryImageOfPage\":{\"@id\":\"https:\\\/\\\/zabalketa.org\\\/eu\\\/getxo-desde-los-sentidos\\\/#primaryimage\"},\"image\":{\"@id\":\"https:\\\/\\\/zabalketa.org\\\/eu\\\/getxo-desde-los-sentidos\\\/#primaryimage\"},\"thumbnailUrl\":\"https:\\\/\\\/zabalketa.org\\\/wp-content\\\/uploads\\\/2023\\\/05\\\/Ruta-del-viento-eusk_1.jpg\",\"datePublished\":\"2023-05-19T09:44:54+00:00\",\"dateModified\":\"2026-08-30T18:21:34+00:00\",\"breadcrumb\":{\"@id\":\"https:\\\/\\\/zabalketa.org\\\/eu\\\/getxo-desde-los-sentidos\\\/#breadcrumb\"},\"inLanguage\":\"eu\",\"potentialAction\":[{\"@type\":\"ReadAction\",\"target\":[\"https:\\\/\\\/zabalketa.org\\\/eu\\\/getxo-desde-los-sentidos\\\/\"]}]},{\"@type\":\"ImageObject\",\"inLanguage\":\"eu\",\"@id\":\"https:\\\/\\\/zabalketa.org\\\/eu\\\/getxo-desde-los-sentidos\\\/#primaryimage\",\"url\":\"https:\\\/\\\/zabalketa.org\\\/wp-content\\\/uploads\\\/2023\\\/05\\\/Ruta-del-viento-eusk_1.jpg\",\"contentUrl\":\"https:\\\/\\\/zabalketa.org\\\/wp-content\\\/uploads\\\/2023\\\/05\\\/Ruta-del-viento-eusk_1.jpg\",\"width\":841,\"height\":595},{\"@type\":\"BreadcrumbList\",\"@id\":\"https:\\\/\\\/zabalketa.org\\\/eu\\\/getxo-desde-los-sentidos\\\/#breadcrumb\",\"itemListElement\":[{\"@type\":\"ListItem\",\"position\":1,\"name\":\"Portada\",\"item\":\"https:\\\/\\\/zabalketa.org\\\/eu\\\/\"},{\"@type\":\"ListItem\",\"position\":2,\"name\":\"\u201cGetxo zentzumenetatik\u201d\"}]},{\"@type\":\"WebSite\",\"@id\":\"https:\\\/\\\/zabalketa.org\\\/#website\",\"url\":\"https:\\\/\\\/zabalketa.org\\\/\",\"name\":\"Zabalketa\",\"description\":\"Desde 1991 un compromiso solidario\",\"publisher\":{\"@id\":\"https:\\\/\\\/zabalketa.org\\\/#organization\"},\"potentialAction\":[{\"@type\":\"SearchAction\",\"target\":{\"@type\":\"EntryPoint\",\"urlTemplate\":\"https:\\\/\\\/zabalketa.org\\\/?s={search_term_string}\"},\"query-input\":{\"@type\":\"PropertyValueSpecification\",\"valueRequired\":true,\"valueName\":\"search_term_string\"}}],\"inLanguage\":\"eu\"},{\"@type\":\"Organization\",\"@id\":\"https:\\\/\\\/zabalketa.org\\\/#organization\",\"name\":\"Zabalketa\",\"url\":\"https:\\\/\\\/zabalketa.org\\\/\",\"logo\":{\"@type\":\"ImageObject\",\"inLanguage\":\"eu\",\"@id\":\"https:\\\/\\\/zabalketa.org\\\/#\\\/schema\\\/logo\\\/image\\\/\",\"url\":\"https:\\\/\\\/zabalketa.org\\\/wp-content\\\/uploads\\\/2020\\\/09\\\/zabalketa-logo.png\",\"contentUrl\":\"https:\\\/\\\/zabalketa.org\\\/wp-content\\\/uploads\\\/2020\\\/09\\\/zabalketa-logo.png\",\"width\":276,\"height\":40,\"caption\":\"Zabalketa\"},\"image\":{\"@id\":\"https:\\\/\\\/zabalketa.org\\\/#\\\/schema\\\/logo\\\/image\\\/\"}},{\"@type\":\"Person\",\"@id\":\"https:\\\/\\\/zabalketa.org\\\/#\\\/schema\\\/person\\\/d4286ffe1cf539bf18cceb3ddcfbae9b\",\"name\":\"Zabalketa\",\"image\":{\"@type\":\"ImageObject\",\"inLanguage\":\"eu\",\"@id\":\"https:\\\/\\\/secure.gravatar.com\\\/avatar\\\/69e0427b8493ea21eeadc346a4e91e38cdfc8e3f91180de5aabaf47ca5c567f0?s=96&d=mm&r=g\",\"url\":\"https:\\\/\\\/secure.gravatar.com\\\/avatar\\\/69e0427b8493ea21eeadc346a4e91e38cdfc8e3f91180de5aabaf47ca5c567f0?s=96&d=mm&r=g\",\"contentUrl\":\"https:\\\/\\\/secure.gravatar.com\\\/avatar\\\/69e0427b8493ea21eeadc346a4e91e38cdfc8e3f91180de5aabaf47ca5c567f0?s=96&d=mm&r=g\",\"caption\":\"Zabalketa\"},\"sameAs\":[\"https:\\\/\\\/zabalketa.org\"]}]}<\/script>\n<!-- \/ Yoast SEO plugin. -->","yoast_head_json":{"title":"\u201cGetxo zentzumenetatik\u201d - Zabalketa","robots":{"index":"index","follow":"follow","max-snippet":"max-snippet:-1","max-image-preview":"max-image-preview:large","max-video-preview":"max-video-preview:-1"},"canonical":"https:\/\/zabalketa.org\/eu\/getxo-desde-los-sentidos\/","og_locale":"en_US","og_type":"article","og_title":"\u201cGetxo zentzumenetatik\u201d - Zabalketa","og_description":"Getxon egin diren topaketen eta ibilbideen bidez, ingurumenean eta kulturan sentsibilizatu eta formatu eta herritarrek lurraldearekiko duten nortasunaren eta loturaren garrantzia nabarmendu nahi da, Getxo jasangarri eta bidezko baten eraikuntzan protagonistak eta aliatuak baikara. Ekimenaren antolatzailea Getxoko ZABALKETA GGKE da,&hellip; Irakurtzen jarraitu","og_url":"https:\/\/zabalketa.org\/eu\/getxo-desde-los-sentidos\/","og_site_name":"Zabalketa","article_published_time":"2023-05-19T09:44:54+00:00","article_modified_time":"2026-08-30T18:21:34+00:00","og_image":[{"width":841,"height":595,"url":"https:\/\/zabalketa.org\/wp-content\/uploads\/2023\/05\/Ruta-del-viento-eusk_1.jpg","type":"image\/jpeg"}],"author":"Zabalketa","twitter_card":"summary_large_image","twitter_misc":{"Written by":"Zabalketa","Est. reading time":"5 minutua"},"schema":{"@context":"https:\/\/schema.org","@graph":[{"@type":"Article","@id":"https:\/\/zabalketa.org\/eu\/getxo-desde-los-sentidos\/#article","isPartOf":{"@id":"https:\/\/zabalketa.org\/eu\/getxo-desde-los-sentidos\/"},"author":{"name":"Zabalketa","@id":"https:\/\/zabalketa.org\/#\/schema\/person\/d4286ffe1cf539bf18cceb3ddcfbae9b"},"headline":"\u201cGetxo zentzumenetatik\u201d","datePublished":"2023-05-19T09:44:54+00:00","dateModified":"2026-08-30T18:21:34+00:00","mainEntityOfPage":{"@id":"https:\/\/zabalketa.org\/eu\/getxo-desde-los-sentidos\/"},"wordCount":428,"publisher":{"@id":"https:\/\/zabalketa.org\/#organization"},"image":{"@id":"https:\/\/zabalketa.org\/eu\/getxo-desde-los-sentidos\/#primaryimage"},"thumbnailUrl":"https:\/\/zabalketa.org\/wp-content\/uploads\/2023\/05\/Ruta-del-viento-eusk_1.jpg","keywords":["Exposiciones","hezkuntza","sentsibilizazioa"],"articleSection":["Ahalduntze","Hezkuntza","Sentsibilizazio"],"inLanguage":"eu"},{"@type":"WebPage","@id":"https:\/\/zabalketa.org\/eu\/getxo-desde-los-sentidos\/","url":"https:\/\/zabalketa.org\/eu\/getxo-desde-los-sentidos\/","name":"\u201cGetxo zentzumenetatik\u201d - Zabalketa","isPartOf":{"@id":"https:\/\/zabalketa.org\/#website"},"primaryImageOfPage":{"@id":"https:\/\/zabalketa.org\/eu\/getxo-desde-los-sentidos\/#primaryimage"},"image":{"@id":"https:\/\/zabalketa.org\/eu\/getxo-desde-los-sentidos\/#primaryimage"},"thumbnailUrl":"https:\/\/zabalketa.org\/wp-content\/uploads\/2023\/05\/Ruta-del-viento-eusk_1.jpg","datePublished":"2023-05-19T09:44:54+00:00","dateModified":"2026-08-30T18:21:34+00:00","breadcrumb":{"@id":"https:\/\/zabalketa.org\/eu\/getxo-desde-los-sentidos\/#breadcrumb"},"inLanguage":"eu","potentialAction":[{"@type":"ReadAction","target":["https:\/\/zabalketa.org\/eu\/getxo-desde-los-sentidos\/"]}]},{"@type":"ImageObject","inLanguage":"eu","@id":"https:\/\/zabalketa.org\/eu\/getxo-desde-los-sentidos\/#primaryimage","url":"https:\/\/zabalketa.org\/wp-content\/uploads\/2023\/05\/Ruta-del-viento-eusk_1.jpg","contentUrl":"https:\/\/zabalketa.org\/wp-content\/uploads\/2023\/05\/Ruta-del-viento-eusk_1.jpg","width":841,"height":595},{"@type":"BreadcrumbList","@id":"https:\/\/zabalketa.org\/eu\/getxo-desde-los-sentidos\/#breadcrumb","itemListElement":[{"@type":"ListItem","position":1,"name":"Portada","item":"https:\/\/zabalketa.org\/eu\/"},{"@type":"ListItem","position":2,"name":"\u201cGetxo zentzumenetatik\u201d"}]},{"@type":"WebSite","@id":"https:\/\/zabalketa.org\/#website","url":"https:\/\/zabalketa.org\/","name":"Zabalketa","description":"Desde 1991 un compromiso solidario","publisher":{"@id":"https:\/\/zabalketa.org\/#organization"},"potentialAction":[{"@type":"SearchAction","target":{"@type":"EntryPoint","urlTemplate":"https:\/\/zabalketa.org\/?s={search_term_string}"},"query-input":{"@type":"PropertyValueSpecification","valueRequired":true,"valueName":"search_term_string"}}],"inLanguage":"eu"},{"@type":"Organization","@id":"https:\/\/zabalketa.org\/#organization","name":"Zabalketa","url":"https:\/\/zabalketa.org\/","logo":{"@type":"ImageObject","inLanguage":"eu","@id":"https:\/\/zabalketa.org\/#\/schema\/logo\/image\/","url":"https:\/\/zabalketa.org\/wp-content\/uploads\/2020\/09\/zabalketa-logo.png","contentUrl":"https:\/\/zabalketa.org\/wp-content\/uploads\/2020\/09\/zabalketa-logo.png","width":276,"height":40,"caption":"Zabalketa"},"image":{"@id":"https:\/\/zabalketa.org\/#\/schema\/logo\/image\/"}},{"@type":"Person","@id":"https:\/\/zabalketa.org\/#\/schema\/person\/d4286ffe1cf539bf18cceb3ddcfbae9b","name":"Zabalketa","image":{"@type":"ImageObject","inLanguage":"eu","@id":"https:\/\/secure.gravatar.com\/avatar\/69e0427b8493ea21eeadc346a4e91e38cdfc8e3f91180de5aabaf47ca5c567f0?s=96&d=mm&r=g","url":"https:\/\/secure.gravatar.com\/avatar\/69e0427b8493ea21eeadc346a4e91e38cdfc8e3f91180de5aabaf47ca5c567f0?s=96&d=mm&r=g","contentUrl":"https:\/\/secure.gravatar.com\/avatar\/69e0427b8493ea21eeadc346a4e91e38cdfc8e3f91180de5aabaf47ca5c567f0?s=96&d=mm&r=g","caption":"Zabalketa"},"sameAs":["https:\/\/zabalketa.org"]}]}},"_links":{"self":[{"href":"https:\/\/zabalketa.org\/eu\/wp-json\/wp\/v2\/posts\/21819","targetHints":{"allow":["GET"]}}],"collection":[{"href":"https:\/\/zabalketa.org\/eu\/wp-json\/wp\/v2\/posts"}],"about":[{"href":"https:\/\/zabalketa.org\/eu\/wp-json\/wp\/v2\/types\/post"}],"author":[{"embeddable":true,"href":"https:\/\/zabalketa.org\/eu\/wp-json\/wp\/v2\/users\/1"}],"replies":[{"embeddable":true,"href":"https:\/\/zabalketa.org\/eu\/wp-json\/wp\/v2\/comments?post=21819"}],"version-history":[{"count":1,"href":"https:\/\/zabalketa.org\/eu\/wp-json\/wp\/v2\/posts\/21819\/revisions"}],"predecessor-version":[{"id":23452,"href":"https:\/\/zabalketa.org\/eu\/wp-json\/wp\/v2\/posts\/21819\/revisions\/23452"}],"wp:featuredmedia":[{"embeddable":true,"href":"https:\/\/zabalketa.org\/eu\/wp-json\/wp\/v2\/media\/21821"}],"wp:attachment":[{"href":"https:\/\/zabalketa.org\/eu\/wp-json\/wp\/v2\/media?parent=21819"}],"wp:term":[{"taxonomy":"category","embeddable":true,"href":"https:\/\/zabalketa.org\/eu\/wp-json\/wp\/v2\/categories?post=21819"},{"taxonomy":"post_tag","embeddable":true,"href":"https:\/\/zabalketa.org\/eu\/wp-json\/wp\/v2\/tags?post=21819"},{"taxonomy":"pais","embeddable":true,"href":"https:\/\/zabalketa.org\/eu\/wp-json\/wp\/v2\/pais?post=21819"}],"curies":[{"name":"wp","href":"https:\/\/api.w.org\/{rel}","templated":true}]}}